{"id":107,"date":"2016-03-20T15:05:43","date_gmt":"2016-03-20T14:05:43","guid":{"rendered":"https:\/\/www.k-l-u-g.at\/chronik-koenigsbrunn\/?p=107"},"modified":"2016-03-23T09:49:32","modified_gmt":"2016-03-23T08:49:32","slug":"koenigsbrunn-familie","status":"publish","type":"post","link":"https:\/\/www.k-l-u-g.at\/chronik-koenigsbrunn\/koenigsbrunn-familie\/","title":{"rendered":"K\u00f6nigsbrunn (Familie)"},"content":{"rendered":"<p style=\"text-align: justify;\">Bei der Familie &#8222;von K\u00f6nigsbrunn&#8220; handelt es sich um eine steierm\u00e4rkische, auch in Th\u00fcringen se\u00dfhafte Familie, die urspr\u00fcnglich Primbsch hie\u00df. Ein Georg von Primbsch von K\u00f6nigsbrunn erhielt im Jahre 1686 von Kaiser <a href=\"http:\/\/geschichte.landesmuseum.net\/personen\/personendetail.asp?id=1738211456\" target=\"_blank\">Leopold I.<\/a> die Adelsbest\u00e4tigung mit dem Zunamen von Koenigsbrunn.<\/p>\n<p style=\"text-align: justify;\"><em>Quelle: <a href=\"http:\/\/wiki-de.genealogy.net\/Adels-Lexikon_%28von_Hellbach%29\" target=\"_blank\">Johann Christian v. Hellbach, Adels-Lexikon, Ilmenau, 1825<\/a><\/em><\/p>\n","protected":false},"excerpt":{"rendered":"<p>Bei der Familie &#8222;von K\u00f6nigsbrunn&#8220; handelt es sich um eine steierm\u00e4rkische, auch in Th\u00fcringen se\u00dfhafte Familie, die urspr\u00fcnglich Primbsch hie\u00df. Ein Georg von Primbsch von K\u00f6nigsbrunn erhielt im Jahre 1686 von Kaiser Leopold I. die Adelsbest\u00e4tigung mit dem Zunamen von Koenigsbrunn. Quelle: Johann Christian v. Hellbach, Adels-Lexikon, Ilmenau, 1825<\/p>\n","protected":false},"author":2,"featured_media":0,"comment_status":"open","ping_status":"open","sticky":false,"template":"","format":"standard","meta":{"footnotes":""},"categories":[33,3],"tags":[32,31],"class_list":["post-107","post","type-post","status-publish","format-standard","hentry","category-33","category-personen","tag-leopold-i","tag-primbsch"],"jetpack_featured_media_url":"","_links":{"self":[{"href":"https:\/\/www.k-l-u-g.at\/chronik-koenigsbrunn\/wp-json\/wp\/v2\/posts\/107","targetHints":{"allow":["GET"]}}],"collection":[{"href":"https:\/\/www.k-l-u-g.at\/chronik-koenigsbrunn\/wp-json\/wp\/v2\/posts"}],"about":[{"href":"https:\/\/www.k-l-u-g.at\/chronik-koenigsbrunn\/wp-json\/wp\/v2\/types\/post"}],"author":[{"embeddable":true,"href":"https:\/\/www.k-l-u-g.at\/chronik-koenigsbrunn\/wp-json\/wp\/v2\/users\/2"}],"replies":[{"embeddable":true,"href":"https:\/\/www.k-l-u-g.at\/chronik-koenigsbrunn\/wp-json\/wp\/v2\/comments?post=107"}],"version-history":[{"count":3,"href":"https:\/\/www.k-l-u-g.at\/chronik-koenigsbrunn\/wp-json\/wp\/v2\/posts\/107\/revisions"}],"predecessor-version":[{"id":142,"href":"https:\/\/www.k-l-u-g.at\/chronik-koenigsbrunn\/wp-json\/wp\/v2\/posts\/107\/revisions\/142"}],"wp:attachment":[{"href":"https:\/\/www.k-l-u-g.at\/chronik-koenigsbrunn\/wp-json\/wp\/v2\/media?parent=107"}],"wp:term":[{"taxonomy":"category","embeddable":true,"href":"https:\/\/www.k-l-u-g.at\/chronik-koenigsbrunn\/wp-json\/wp\/v2\/categories?post=107"},{"taxonomy":"post_tag","embeddable":true,"href":"https:\/\/www.k-l-u-g.at\/chronik-koenigsbrunn\/wp-json\/wp\/v2\/tags?post=107"}],"curies":[{"name":"wp","href":"https:\/\/api.w.org\/{rel}","templated":true}]}}