{"id":122,"date":"2016-03-22T13:23:28","date_gmt":"2016-03-22T12:23:28","guid":{"rendered":"https:\/\/www.k-l-u-g.at\/chronik-koenigsbrunn\/?p=122"},"modified":"2016-03-22T14:10:11","modified_gmt":"2016-03-22T13:10:11","slug":"1242-2","status":"publish","type":"post","link":"https:\/\/www.k-l-u-g.at\/chronik-koenigsbrunn\/1242-2\/","title":{"rendered":"1242"},"content":{"rendered":"<p><a href=\"http:\/\/geschichte.landesmuseum.net\/personen\/personendetail.asp?ID=962325164\" target=\"_blank\">Herzog Friedrich II. (der Streitbare) von Babenberg<\/a> \u00fcberl\u00e4\u00dft dem Stift Zwettl als Wiedergutmachung f\u00fcr den von Ulrich von K\u00f6nigsbrunn (Ulricus de Chungesprunne) zugef\u00fcgten Schaden (&#8222;<em>&#8230;.atque in recompensationem dam(p)norum que Ulricus de Chungesprunne monasterio Sanctae Marie apud Zuetle intulit&#8230;<\/em>&#8220; ) alle seine Rechte in Zwettl.<\/p>\n<figure id=\"attachment_124\" aria-describedby=\"caption-attachment-124\" style=\"width: 811px\" class=\"wp-caption aligncenter\"><a href=\"https:\/\/www.k-l-u-g.at\/chronik-koenigsbrunn\/wp-content\/uploads\/2016\/03\/UlricusChungesprunne.png\" rel=\"attachment wp-att-124\"><img loading=\"lazy\" decoding=\"async\" class=\" wp-image-124\" src=\"https:\/\/www.k-l-u-g.at\/chronik-koenigsbrunn\/wp-content\/uploads\/2016\/03\/UlricusChungesprunne-300x27.png\" alt=\"Ulricus de Chungesprunne\" width=\"811\" height=\"73\" srcset=\"https:\/\/www.k-l-u-g.at\/chronik-koenigsbrunn\/wp-content\/uploads\/2016\/03\/UlricusChungesprunne-300x27.png 300w, https:\/\/www.k-l-u-g.at\/chronik-koenigsbrunn\/wp-content\/uploads\/2016\/03\/UlricusChungesprunne-768x69.png 768w, https:\/\/www.k-l-u-g.at\/chronik-koenigsbrunn\/wp-content\/uploads\/2016\/03\/UlricusChungesprunne-1024x92.png 1024w, https:\/\/www.k-l-u-g.at\/chronik-koenigsbrunn\/wp-content\/uploads\/2016\/03\/UlricusChungesprunne.png 1425w\" sizes=\"auto, (max-width: 811px) 100vw, 811px\" \/><\/a><figcaption id=\"caption-attachment-124\" class=\"wp-caption-text\">Ulricus de Chungesprunne<\/figcaption><\/figure>\n<p>&nbsp;<\/p>\n<p><em>Quelle: Zwettl, Stiftsarchiv\u00a0Urkunden (1055-1742)\u00a01242 III 30, in: monasterium.net, <a href=\"http:\/\/monasterium.net\/mom\/AT-StiAZ\/Urkunden\/1242_III_30\/charter\" target=\"_blank\">http:\/\/monasterium.net\/mom\/AT-StiAZ\/Urkunden\/1242_III_30\/charter<\/a><\/em><\/p>\n","protected":false},"excerpt":{"rendered":"<p>Herzog Friedrich II. (der Streitbare) von Babenberg \u00fcberl\u00e4\u00dft dem Stift Zwettl als Wiedergutmachung f\u00fcr den von Ulrich von K\u00f6nigsbrunn (Ulricus de Chungesprunne) zugef\u00fcgten Schaden (&#8222;&#8230;.atque in recompensationem dam(p)norum que Ulricus de Chungesprunne monasterio Sanctae Marie apud Zuetle intulit&#8230;&#8220; ) alle seine Rechte in Zwettl. &nbsp; Quelle: Zwettl, Stiftsarchiv\u00a0Urkunden (1055-1742)\u00a01242 III 30, in: monasterium.net, http:\/\/monasterium.net\/mom\/AT-StiAZ\/Urkunden\/1242_III_30\/charter<\/p>\n","protected":false},"author":2,"featured_media":0,"comment_status":"open","ping_status":"open","sticky":false,"template":"","format":"standard","meta":{"footnotes":""},"categories":[36,37],"tags":[16,40,38,39],"class_list":["post-122","post","type-post","status-publish","format-standard","hentry","category-36","category-ulrich-von-koenigsbrunn","tag-babenberger","tag-friedrich","tag-friedrich-ii","tag-ulricus-de-chungesprunne"],"jetpack_featured_media_url":"","_links":{"self":[{"href":"https:\/\/www.k-l-u-g.at\/chronik-koenigsbrunn\/wp-json\/wp\/v2\/posts\/122","targetHints":{"allow":["GET"]}}],"collection":[{"href":"https:\/\/www.k-l-u-g.at\/chronik-koenigsbrunn\/wp-json\/wp\/v2\/posts"}],"about":[{"href":"https:\/\/www.k-l-u-g.at\/chronik-koenigsbrunn\/wp-json\/wp\/v2\/types\/post"}],"author":[{"embeddable":true,"href":"https:\/\/www.k-l-u-g.at\/chronik-koenigsbrunn\/wp-json\/wp\/v2\/users\/2"}],"replies":[{"embeddable":true,"href":"https:\/\/www.k-l-u-g.at\/chronik-koenigsbrunn\/wp-json\/wp\/v2\/comments?post=122"}],"version-history":[{"count":3,"href":"https:\/\/www.k-l-u-g.at\/chronik-koenigsbrunn\/wp-json\/wp\/v2\/posts\/122\/revisions"}],"predecessor-version":[{"id":126,"href":"https:\/\/www.k-l-u-g.at\/chronik-koenigsbrunn\/wp-json\/wp\/v2\/posts\/122\/revisions\/126"}],"wp:attachment":[{"href":"https:\/\/www.k-l-u-g.at\/chronik-koenigsbrunn\/wp-json\/wp\/v2\/media?parent=122"}],"wp:term":[{"taxonomy":"category","embeddable":true,"href":"https:\/\/www.k-l-u-g.at\/chronik-koenigsbrunn\/wp-json\/wp\/v2\/categories?post=122"},{"taxonomy":"post_tag","embeddable":true,"href":"https:\/\/www.k-l-u-g.at\/chronik-koenigsbrunn\/wp-json\/wp\/v2\/tags?post=122"}],"curies":[{"name":"wp","href":"https:\/\/api.w.org\/{rel}","templated":true}]}}