{"id":152,"date":"2016-03-25T08:14:11","date_gmt":"2016-03-25T07:14:11","guid":{"rendered":"https:\/\/www.k-l-u-g.at\/chronik-koenigsbrunn\/?p=152"},"modified":"2016-03-25T08:16:09","modified_gmt":"2016-03-25T07:16:09","slug":"17-jahrhundert","status":"publish","type":"post","link":"https:\/\/www.k-l-u-g.at\/chronik-koenigsbrunn\/17-jahrhundert\/","title":{"rendered":"17. Jahrhundert"},"content":{"rendered":"<p>Etwa im 17. Jahrhundert findet man f\u00fcr K\u00f6nigsbrunn die Schreibweise &#8222;Khinigsprun&#8220;:<\/p>\n<p style=\"text-align: justify;\">&#8222;Wir zu Nidern-Stockhstall pinten unseren ait das unser herrschaft und gerechte freihait geet von miten au\u00df dem millweeg hinz auf Pierpaumer marchweeg zu dem ainschichtigen paumb auf Khinigspruner grabm, und von dem Khinigspruner grabm auf des pfarrers winkl miten im weingarten, und von des pfarrers weingarten auf durch das velt auf Smidacher weeg durch das Handtall, und von Smidacher weeg auf Ruepstaller [wee]g. aufwerts gegen dem schlo\u00df Wincklwerckh &#8230; dem Ruepelstaller weeg hinz mitten &#8230; ruffen bi\u00df auf den altn weeg, aufwerts nach dem Hundsperg an den hofgarten, scheligs umbhin [an] des Pacher hau\u00df, und von des Pacher hau\u00df [nach] den aggern die geen Grafenegg geh\u00f6rn; auf demselbigen rain schaidt sich das march und die gerecht freihaitn unzt auf die weing\u00e4rten widerumb mitten in den m\u00fcllweg.&#8220;<\/p>\n<p style=\"text-align: justify;\"><em>Quelle: Hrsg. Gustav Winter: Nieder\u00f6sterreichische Weisth\u00fcmer, Band II, S. 625, Wien\/Leipzig 1896 (<a href=\"https:\/\/archive.org\/details\/bub_gb_TnQxAQAAIAAJ\" target=\"_blank\">Digitalisat N\u00d6 Weisth\u00fcmer 1896<\/a>)<\/em><\/p>\n","protected":false},"excerpt":{"rendered":"<p>Etwa im 17. Jahrhundert findet man f\u00fcr K\u00f6nigsbrunn die Schreibweise &#8222;Khinigsprun&#8220;: &#8222;Wir zu Nidern-Stockhstall pinten unseren ait das unser herrschaft und gerechte freihait geet von miten au\u00df dem millweeg hinz auf Pierpaumer marchweeg zu dem ainschichtigen paumb auf Khinigspruner grabm, und von dem Khinigspruner grabm auf des pfarrers winkl miten im weingarten, und von des [&hellip;]<\/p>\n","protected":false},"author":2,"featured_media":0,"comment_status":"open","ping_status":"open","sticky":false,"template":"","format":"standard","meta":{"footnotes":""},"categories":[49,10],"tags":[],"class_list":["post-152","post","type-post","status-publish","format-standard","hentry","category-17-jahrundert","category-koenigsbrunn"],"jetpack_featured_media_url":"","_links":{"self":[{"href":"https:\/\/www.k-l-u-g.at\/chronik-koenigsbrunn\/wp-json\/wp\/v2\/posts\/152","targetHints":{"allow":["GET"]}}],"collection":[{"href":"https:\/\/www.k-l-u-g.at\/chronik-koenigsbrunn\/wp-json\/wp\/v2\/posts"}],"about":[{"href":"https:\/\/www.k-l-u-g.at\/chronik-koenigsbrunn\/wp-json\/wp\/v2\/types\/post"}],"author":[{"embeddable":true,"href":"https:\/\/www.k-l-u-g.at\/chronik-koenigsbrunn\/wp-json\/wp\/v2\/users\/2"}],"replies":[{"embeddable":true,"href":"https:\/\/www.k-l-u-g.at\/chronik-koenigsbrunn\/wp-json\/wp\/v2\/comments?post=152"}],"version-history":[{"count":3,"href":"https:\/\/www.k-l-u-g.at\/chronik-koenigsbrunn\/wp-json\/wp\/v2\/posts\/152\/revisions"}],"predecessor-version":[{"id":155,"href":"https:\/\/www.k-l-u-g.at\/chronik-koenigsbrunn\/wp-json\/wp\/v2\/posts\/152\/revisions\/155"}],"wp:attachment":[{"href":"https:\/\/www.k-l-u-g.at\/chronik-koenigsbrunn\/wp-json\/wp\/v2\/media?parent=152"}],"wp:term":[{"taxonomy":"category","embeddable":true,"href":"https:\/\/www.k-l-u-g.at\/chronik-koenigsbrunn\/wp-json\/wp\/v2\/categories?post=152"},{"taxonomy":"post_tag","embeddable":true,"href":"https:\/\/www.k-l-u-g.at\/chronik-koenigsbrunn\/wp-json\/wp\/v2\/tags?post=152"}],"curies":[{"name":"wp","href":"https:\/\/api.w.org\/{rel}","templated":true}]}}