{"id":174,"date":"2017-02-12T16:24:55","date_gmt":"2017-02-12T15:24:55","guid":{"rendered":"https:\/\/www.k-l-u-g.at\/chronik-koenigsbrunn\/?p=174"},"modified":"2022-12-08T10:22:59","modified_gmt":"2022-12-08T09:22:59","slug":"1932-2","status":"publish","type":"post","link":"https:\/\/www.k-l-u-g.at\/chronik-koenigsbrunn\/1932-2\/","title":{"rendered":"1932"},"content":{"rendered":"<p>Der Feuerwehrhauptmann von K\u00f6nigsbrunn Anton Maurer verungl\u00fcckt am <strong>19.01.1932<\/strong> mit dem Motorrad zwischen K\u00f6nigsbrunn und Hippersdorf und stirbt am <strong>21.01.1932<\/strong> im Krankenhaus Stockerau. Das Begr\u00e4bnis findet am <strong>24.01.1932 <\/strong>statt.<\/p>\n<p><em>Quelle: 84er Zeitung, 1932, Nr. 1, S. 6\u00a0(<a href=\"http:\/\/anno.onb.ac.at\/cgi-content\/anno-plus?aid=vaz&amp;datum=1932&amp;page=6&amp;size=45&amp;qid=OPGFYV30RPGP0ETVTN9E51IUEV5TR0\" target=\"_blank\" rel=\"noopener noreferrer\">Digitalisat ANNO<\/a>)<\/em><\/p>\n<p>Bei einem Kirchweihfest wird Franz Wieser am <strong>21.08.1932<\/strong> von Franz Kreutzinger mit einem Kn\u00fcppel erschlagen. Dazu der Bericht aus der AZ vom <strong>25.08.1932<\/strong>:<\/p>\n<blockquote><p><strong><em>Mit dem eigenen Kn\u00fcppel erschlagen<\/em><\/strong><\/p>\n<p><em>Aus Absdorf wird berichtet: Bei einem Kirchweihfest in K\u00f6nigsbrunn am Wagram am 21. d. kam es um etwa 3 Uhr nachmittags zwischen dem 36j\u00e4hrigen Knecht Franz Kreutzinger und dem Tagl\u00f6hner Franz Wieser zu einem Streit. Kreutzinger entri\u00df dem Wieser einen etwa drei\u00dfig Zentimeter langen und f\u00fcnf Zentimeter dicken Kn\u00fcppel und schleuderte ihn gegen seinen Kopf; Wieser erlitt einen doppelseitigen Sch\u00e4delgrundbruch und starb nach zwei Stunden. Wieser hatte vorher dem Kreutzinger im Hausflur aufgelauert und ihn mit seinem Kn\u00fcppel leicht verletzt.<\/em><\/p><\/blockquote>\n<p><em>Quelle: AZ, 25.08.1932, S. 4 (<a href=\"https:\/\/anno.onb.ac.at\/cgi-content\/anno?aid=aze&amp;datum=19320825&amp;seite=4&amp;zoom=33\" target=\"_blank\" rel=\"noopener\">Digitalisat ANNO<\/a>)<\/em><\/p>\n","protected":false},"excerpt":{"rendered":"<p>Der Feuerwehrhauptmann von K\u00f6nigsbrunn Anton Maurer verungl\u00fcckt am 19.01.1932 mit dem Motorrad zwischen K\u00f6nigsbrunn und Hippersdorf und stirbt am 21.01.1932 im Krankenhaus Stockerau. Das Begr\u00e4bnis findet am 24.01.1932 statt. Quelle: 84er Zeitung, 1932, Nr. 1, S. 6\u00a0(Digitalisat ANNO) Bei einem Kirchweihfest wird Franz Wieser am 21.08.1932 von Franz Kreutzinger mit einem Kn\u00fcppel erschlagen. Dazu der [&hellip;]<\/p>\n","protected":false},"author":2,"featured_media":0,"comment_status":"open","ping_status":"open","sticky":false,"template":"","format":"standard","meta":{"footnotes":""},"categories":[62,1,5,66,6,10,75,64,4,3,63,59,74],"tags":[],"class_list":["post-174","post","type-post","status-publish","format-standard","hentry","category-62","category-allgemein","category-ereignisse","category-feuerwehr","category-jahr","category-koenigsbrunn","category-franz-kreutzinger","category-anton-maurer","category-orte","category-personen","category-unfaelle","category-verbrechen","category-franz-wieser"],"jetpack_featured_media_url":"","_links":{"self":[{"href":"https:\/\/www.k-l-u-g.at\/chronik-koenigsbrunn\/wp-json\/wp\/v2\/posts\/174","targetHints":{"allow":["GET"]}}],"collection":[{"href":"https:\/\/www.k-l-u-g.at\/chronik-koenigsbrunn\/wp-json\/wp\/v2\/posts"}],"about":[{"href":"https:\/\/www.k-l-u-g.at\/chronik-koenigsbrunn\/wp-json\/wp\/v2\/types\/post"}],"author":[{"embeddable":true,"href":"https:\/\/www.k-l-u-g.at\/chronik-koenigsbrunn\/wp-json\/wp\/v2\/users\/2"}],"replies":[{"embeddable":true,"href":"https:\/\/www.k-l-u-g.at\/chronik-koenigsbrunn\/wp-json\/wp\/v2\/comments?post=174"}],"version-history":[{"count":8,"href":"https:\/\/www.k-l-u-g.at\/chronik-koenigsbrunn\/wp-json\/wp\/v2\/posts\/174\/revisions"}],"predecessor-version":[{"id":388,"href":"https:\/\/www.k-l-u-g.at\/chronik-koenigsbrunn\/wp-json\/wp\/v2\/posts\/174\/revisions\/388"}],"wp:attachment":[{"href":"https:\/\/www.k-l-u-g.at\/chronik-koenigsbrunn\/wp-json\/wp\/v2\/media?parent=174"}],"wp:term":[{"taxonomy":"category","embeddable":true,"href":"https:\/\/www.k-l-u-g.at\/chronik-koenigsbrunn\/wp-json\/wp\/v2\/categories?post=174"},{"taxonomy":"post_tag","embeddable":true,"href":"https:\/\/www.k-l-u-g.at\/chronik-koenigsbrunn\/wp-json\/wp\/v2\/tags?post=174"}],"curies":[{"name":"wp","href":"https:\/\/api.w.org\/{rel}","templated":true}]}}